{"id":1,"date":"2022-10-11T09:36:00","date_gmt":"2022-10-11T09:36:00","guid":{"rendered":"https:\/\/laondadebullas.es\/?p=1"},"modified":"2022-10-14T08:42:10","modified_gmt":"2022-10-14T08:42:10","slug":"hello-world","status":"publish","type":"post","link":"https:\/\/laondadebullas.es\/index.php\/2022\/10\/11\/hello-world\/","title":{"rendered":"Jubilaci\u00f3n de Don Jos\u00e9 Antonio"},"content":{"rendered":"\t\t<div data-elementor-type=\"wp-post\" data-elementor-id=\"1\" class=\"elementor elementor-1\">\n\t\t\t\t\t\t<section class=\"elementor-section elementor-top-section elementor-element elementor-element-f2b1819 elementor-section-boxed elementor-section-height-default elementor-section-height-default\" data-id=\"f2b1819\" data-element_type=\"section\" data-e-type=\"section\">\n\t\t\t\t\t\t<div class=\"elementor-container elementor-column-gap-default\">\n\t\t\t\t\t<div class=\"elementor-column elementor-col-100 elementor-top-column elementor-element elementor-element-fa7e93a\" data-id=\"fa7e93a\" data-element_type=\"column\" data-e-type=\"column\">\n\t\t\t<div class=\"elementor-widget-wrap elementor-element-populated\">\n\t\t\t\t\t\t<div class=\"elementor-element elementor-element-071e99f elementor-widget elementor-widget-heading\" data-id=\"071e99f\" data-element_type=\"widget\" data-e-type=\"widget\" data-widget_type=\"heading.default\">\n\t\t\t\t<div class=\"elementor-widget-container\">\n\t\t\t\t\t<h1 class=\"elementor-heading-title elementor-size-default\">Homenaje a Don Jos\u00e9 Antonio <\/h1>\t\t\t\t<\/div>\n\t\t\t\t<\/div>\n\t\t\t\t\t<\/div>\n\t\t<\/div>\n\t\t\t\t\t<\/div>\n\t\t<\/section>\n\t\t\t\t<section class=\"elementor-section elementor-top-section elementor-element elementor-element-8e0468e elementor-section-boxed elementor-section-height-default elementor-section-height-default\" data-id=\"8e0468e\" data-element_type=\"section\" data-e-type=\"section\">\n\t\t\t\t\t\t<div class=\"elementor-container elementor-column-gap-default\">\n\t\t\t\t\t<div class=\"elementor-column elementor-col-100 elementor-top-column elementor-element elementor-element-fa1a151\" data-id=\"fa1a151\" data-element_type=\"column\" data-e-type=\"column\">\n\t\t\t<div class=\"elementor-widget-wrap elementor-element-populated\">\n\t\t\t\t\t\t<div class=\"elementor-element elementor-element-b264838 elementor-widget elementor-widget-text-editor\" data-id=\"b264838\" data-element_type=\"widget\" data-e-type=\"widget\" data-widget_type=\"text-editor.default\">\n\t\t\t\t<div class=\"elementor-widget-container\">\n\t\t\t\t\t\t\t\t\t<header style=\"font-size: 15px; color: #848484; font-family: Lato, sans-serif;\">\n<h1 style=\"font-size: 37.5px; margin-top: 0px; margin-bottom: 0px; line-height: 1.05; text-rendering: optimizelegibility; font-family: Roboto, sans-serif; font-weight: 400; text-transform: uppercase; letter-spacing: -0.035em; color: #272727;\"><span style=\"color: #848484; font-family: Lato, sans-serif; font-size: 15px; font-weight: var( --e-global-typography-text-font-weight ); letter-spacing: var(--single-content-letterspacing); background-color: var(--inner-container-bk);\">Lunes, 10 de octubre de 2022<\/span><\/h1>\n<\/header>\n<div style=\"margin-top: 1.25em; font-size: 15px; color: #848484; font-family: Lato, sans-serif;\">\n<div>\n<div dir=\"auto\">\u00a0E<span style=\"font-weight: var( --e-global-typography-text-font-weight ); letter-spacing: var(--single-content-letterspacing); background-color: var(--inner-container-bk);\">ste pasado s\u00e1bado, 8 de octubre, se celebr\u00f3 el acto de jubilaci\u00f3n de Jos\u00e9 Antonio Mart\u00ednez Puerta maestro y el que tambi\u00e9n fuera director del colegio Artero, as\u00ed como actual Juez de Paz y presidente de la Hermandad de la Virgen del Rosario. Toda su carrera laboral la ha pasado trabajando en este centro, de los cuales, 17 lo ha sido como director del mismo.<\/span><\/div>\n<div dir=\"auto\">\u00a0<\/div>\n<div dir=\"auto\">\u00a0<span style=\"background-color: var(--inner-container-bk);\">Al acto al que asistieron familiares, compa\u00f1eros y amigos, tambi\u00e9n acudi\u00f3 la alcaldesa Mar\u00eda Dolores Mu\u00f1oz Valverde as\u00ed como el concejal de Educaci\u00f3n David Madrid Rodr\u00edguez y la Concejala de Presidencia Chari Mart\u00ednez Mart\u00ednez.<\/span><\/div>\n<\/div>\n<div>\n<div dir=\"auto\">\u00a0<\/div>\n<\/div>\n<div>\n<div dir=\"auto\">Un acto merecido y emotivo para despedir de la vida laboral a una persona muy implicada siempre con todo lo relacionado con la educaci\u00f3n y con el colegio Artero.<\/div>\n<div dir=\"auto\">\u00a0<\/div>\n<\/div>\n<div>\n<div dir=\"auto\">El Ayuntamiento quiere darle la enhorabuena a Jos\u00e9 Antonio por esta nueva etapa de la vida que comienza, as\u00ed como por la que despide, donde ha demostrado siempre su profesionalidad e implicaci\u00f3n durante toda su carrera laboral.<\/div>\n<\/div>\n<\/div>\t\t\t\t\t\t\t\t<\/div>\n\t\t\t\t<\/div>\n\t\t\t\t\t<\/div>\n\t\t<\/div>\n\t\t\t\t\t<\/div>\n\t\t<\/section>\n\t\t\t\t<\/div>\n\t\t","protected":false},"excerpt":{"rendered":"<p>Homenaje a Don Jos\u00e9 Antonio Lunes, 10 de octubre de 2022 \u00a0Este pasado s\u00e1bado, 8 de octubre, se celebr\u00f3 el acto de jubilaci\u00f3n de Jos\u00e9 Antonio Mart\u00ednez Puerta maestro y el que tambi\u00e9n fuera director del colegio Artero, as\u00ed como actual Juez de Paz y presidente de la Hermandad de la Virgen del Rosario. Toda&#8230;<\/p>\n","protected":false},"author":1,"featured_media":59,"comment_status":"open","ping_status":"open","sticky":false,"template":"","format":"standard","meta":{"footnotes":""},"categories":[8],"tags":[],"class_list":["post-1","post","type-post","status-publish","format-standard","has-post-thumbnail","hentry","category-educacion"],"_links":{"self":[{"href":"https:\/\/laondadebullas.es\/index.php\/wp-json\/wp\/v2\/posts\/1","targetHints":{"allow":["GET"]}}],"collection":[{"href":"https:\/\/laondadebullas.es\/index.php\/wp-json\/wp\/v2\/posts"}],"about":[{"href":"https:\/\/laondadebullas.es\/index.php\/wp-json\/wp\/v2\/types\/post"}],"author":[{"embeddable":true,"href":"https:\/\/laondadebullas.es\/index.php\/wp-json\/wp\/v2\/users\/1"}],"replies":[{"embeddable":true,"href":"https:\/\/laondadebullas.es\/index.php\/wp-json\/wp\/v2\/comments?post=1"}],"version-history":[{"count":29,"href":"https:\/\/laondadebullas.es\/index.php\/wp-json\/wp\/v2\/posts\/1\/revisions"}],"predecessor-version":[{"id":159,"href":"https:\/\/laondadebullas.es\/index.php\/wp-json\/wp\/v2\/posts\/1\/revisions\/159"}],"wp:featuredmedia":[{"embeddable":true,"href":"https:\/\/laondadebullas.es\/index.php\/wp-json\/wp\/v2\/media\/59"}],"wp:attachment":[{"href":"https:\/\/laondadebullas.es\/index.php\/wp-json\/wp\/v2\/media?parent=1"}],"wp:term":[{"taxonomy":"category","embeddable":true,"href":"https:\/\/laondadebullas.es\/index.php\/wp-json\/wp\/v2\/categories?post=1"},{"taxonomy":"post_tag","embeddable":true,"href":"https:\/\/laondadebullas.es\/index.php\/wp-json\/wp\/v2\/tags?post=1"}],"curies":[{"name":"wp","href":"https:\/\/api.w.org\/{rel}","templated":true}]}}