{"id":101,"date":"2022-10-13T10:52:06","date_gmt":"2022-10-13T10:52:06","guid":{"rendered":"https:\/\/laondadebullas.es\/?p=101"},"modified":"2022-10-14T08:43:13","modified_gmt":"2022-10-14T08:43:13","slug":"noticias","status":"publish","type":"post","link":"https:\/\/laondadebullas.es\/index.php\/2022\/10\/13\/noticias\/","title":{"rendered":"Resuelto el Concurso de Pintura al Aire Libre"},"content":{"rendered":"\t\t<div data-elementor-type=\"wp-post\" data-elementor-id=\"101\" class=\"elementor elementor-101\">\n\t\t\t\t\t\t<section class=\"elementor-section elementor-top-section elementor-element elementor-element-57fb47f elementor-section-boxed elementor-section-height-default elementor-section-height-default\" data-id=\"57fb47f\" data-element_type=\"section\" data-e-type=\"section\">\n\t\t\t\t\t\t<div class=\"elementor-container elementor-column-gap-default\">\n\t\t\t\t\t<div class=\"elementor-column elementor-col-100 elementor-top-column elementor-element elementor-element-33e2e4a\" data-id=\"33e2e4a\" data-element_type=\"column\" data-e-type=\"column\">\n\t\t\t<div class=\"elementor-widget-wrap elementor-element-populated\">\n\t\t\t\t\t\t<div class=\"elementor-element elementor-element-bdd8380 elementor-widget elementor-widget-heading\" data-id=\"bdd8380\" data-element_type=\"widget\" data-e-type=\"widget\" data-widget_type=\"heading.default\">\n\t\t\t\t<div class=\"elementor-widget-container\">\n\t\t\t\t\t<h2 class=\"elementor-heading-title elementor-size-default\">El primer premio del concurso de pintura al aire libre se lo lleva Juan Gallergo de Aljucer <\/h2>\t\t\t\t<\/div>\n\t\t\t\t<\/div>\n\t\t\t\t\t<\/div>\n\t\t<\/div>\n\t\t\t\t\t<\/div>\n\t\t<\/section>\n\t\t\t\t<section class=\"elementor-section elementor-top-section elementor-element elementor-element-4731017 elementor-section-boxed elementor-section-height-default elementor-section-height-default\" data-id=\"4731017\" data-element_type=\"section\" data-e-type=\"section\">\n\t\t\t\t\t\t<div class=\"elementor-container elementor-column-gap-default\">\n\t\t\t\t\t<div class=\"elementor-column elementor-col-100 elementor-top-column elementor-element elementor-element-7734aa1\" data-id=\"7734aa1\" data-element_type=\"column\" data-e-type=\"column\">\n\t\t\t<div class=\"elementor-widget-wrap elementor-element-populated\">\n\t\t\t\t\t\t<div class=\"elementor-element elementor-element-8780176 elementor-widget elementor-widget-text-editor\" data-id=\"8780176\" data-element_type=\"widget\" data-e-type=\"widget\" data-widget_type=\"text-editor.default\">\n\t\t\t\t<div class=\"elementor-widget-container\">\n\t\t\t\t\t\t\t\t\t<p>Ayer, domingo 9 de octubre, se celebr\u00f3 el VIII Concurso de Pintura al Aire Libre 2022 que congreg\u00f3 a artistas del municipio y de fuera que pintaron sobre monumentos, paisajes y lugares de inter\u00e9s de Bullas.<\/p><p><span style=\"color: var( --e-global-color-text ); font-family: var( --e-global-typography-text-font-family ), Sans-serif; font-weight: var( --e-global-typography-text-font-weight ); font-size: var(--single-content-size); letter-spacing: var(--single-content-letterspacing); background-color: var(--inner-container-bk);\">&nbsp; Tras la deliberaci\u00f3n del jurado, los ganadores del concurso han sido:<\/span><\/p>\n<p><\/p>\n<ul>\n<li>Primer premio \u2018Categor\u00eda Adultos\u2019 valorado en 500\u20ac para Juan Gallergo Mart\u00ednez de Aljucer, Murcia.<\/li>\n<li>Segundo premio \u2018Categor\u00eda Adultos\u2019 valorado en 200\u20ac para Miguel \u00c1ngel L\u00f3pez Mart\u00ednez de Murcia.<\/li>\n<li>Primer Premio \u2018Categor\u00eda Infantil\/Juvenil\u2019 valorado en 100\u20ac en la compra de material de pintura para Alfonso S\u00e1nchez Valera de Bullas.<\/li>\n<li>Segundo Premio \u2018Categor\u00eda Infantil\/Juvenil\u2019 valorado en 75\u20ac en la compra de material de pintura para Laura Aparicio Caballero de Bullas.<\/li>\n<\/ul>\n<p>&nbsp; De otra parte, al no ser el ganador natural del municipio de Bullas y tal como establecen las bases, el Premio Especial para el Autor Local valorado en 200\u20ac es para Magdalena Caballero Fern\u00e1ndez.<\/p>\n<p><\/p>\n<p>&nbsp; Desde la Concejal\u00eda de Cultura del Ayuntamiento de Bullas dan la enhorabuena a todos los premiados y a los artistas en general por participar en el concurso. Recordando que todos los cuadros quedar\u00e1n expuestos en una exposici\u00f3n que llevar\u00e1 por t\u00edtulo &#8220;Rincones de Bullas y La Copa&#8221; y que en unos d\u00edas se podr\u00e1 visitar en la Casa de Cultura.<\/p>\t\t\t\t\t\t\t\t<\/div>\n\t\t\t\t<\/div>\n\t\t\t\t\t<\/div>\n\t\t<\/div>\n\t\t\t\t\t<\/div>\n\t\t<\/section>\n\t\t\t\t<\/div>\n\t\t","protected":false},"excerpt":{"rendered":"<p>El primer premio del concurso de pintura al aire libre se lo lleva Juan Gallergo de Aljucer Ayer, domingo 9 de octubre, se celebr\u00f3 el VIII Concurso de Pintura al Aire Libre 2022 que congreg\u00f3 a artistas del municipio y de fuera que pintaron sobre monumentos, paisajes y lugares de inter\u00e9s de Bullas. &nbsp; Tras&#8230;<\/p>\n","protected":false},"author":2,"featured_media":103,"comment_status":"open","ping_status":"open","sticky":false,"template":"","format":"standard","meta":{"footnotes":""},"categories":[1],"tags":[],"class_list":["post-101","post","type-post","status-publish","format-standard","has-post-thumbnail","hentry","category-cultura"],"_links":{"self":[{"href":"https:\/\/laondadebullas.es\/index.php\/wp-json\/wp\/v2\/posts\/101","targetHints":{"allow":["GET"]}}],"collection":[{"href":"https:\/\/laondadebullas.es\/index.php\/wp-json\/wp\/v2\/posts"}],"about":[{"href":"https:\/\/laondadebullas.es\/index.php\/wp-json\/wp\/v2\/types\/post"}],"author":[{"embeddable":true,"href":"https:\/\/laondadebullas.es\/index.php\/wp-json\/wp\/v2\/users\/2"}],"replies":[{"embeddable":true,"href":"https:\/\/laondadebullas.es\/index.php\/wp-json\/wp\/v2\/comments?post=101"}],"version-history":[{"count":15,"href":"https:\/\/laondadebullas.es\/index.php\/wp-json\/wp\/v2\/posts\/101\/revisions"}],"predecessor-version":[{"id":163,"href":"https:\/\/laondadebullas.es\/index.php\/wp-json\/wp\/v2\/posts\/101\/revisions\/163"}],"wp:featuredmedia":[{"embeddable":true,"href":"https:\/\/laondadebullas.es\/index.php\/wp-json\/wp\/v2\/media\/103"}],"wp:attachment":[{"href":"https:\/\/laondadebullas.es\/index.php\/wp-json\/wp\/v2\/media?parent=101"}],"wp:term":[{"taxonomy":"category","embeddable":true,"href":"https:\/\/laondadebullas.es\/index.php\/wp-json\/wp\/v2\/categories?post=101"},{"taxonomy":"post_tag","embeddable":true,"href":"https:\/\/laondadebullas.es\/index.php\/wp-json\/wp\/v2\/tags?post=101"}],"curies":[{"name":"wp","href":"https:\/\/api.w.org\/{rel}","templated":true}]}}