{"id":206,"date":"2022-10-17T10:14:05","date_gmt":"2022-10-17T10:14:05","guid":{"rendered":"https:\/\/laondadebullas.es\/?p=206"},"modified":"2022-10-17T10:17:07","modified_gmt":"2022-10-17T10:17:07","slug":"reconocimiento-a-en-las-nubes-libreria","status":"publish","type":"post","link":"https:\/\/laondadebullas.es\/index.php\/2022\/10\/17\/reconocimiento-a-en-las-nubes-libreria\/","title":{"rendered":"Reconocimiento a En las nubes librer\u00eda"},"content":{"rendered":"\t\t<div data-elementor-type=\"wp-post\" data-elementor-id=\"206\" class=\"elementor elementor-206\">\n\t\t\t\t\t\t<section class=\"elementor-section elementor-top-section elementor-element elementor-element-3d892c8 elementor-section-boxed elementor-section-height-default elementor-section-height-default\" data-id=\"3d892c8\" data-element_type=\"section\" data-e-type=\"section\">\n\t\t\t\t\t\t<div class=\"elementor-container elementor-column-gap-default\">\n\t\t\t\t\t<div class=\"elementor-column elementor-col-100 elementor-top-column elementor-element elementor-element-e727247\" data-id=\"e727247\" data-element_type=\"column\" data-e-type=\"column\">\n\t\t\t<div class=\"elementor-widget-wrap elementor-element-populated\">\n\t\t\t\t\t\t<div class=\"elementor-element elementor-element-b1fc353 elementor-widget elementor-widget-text-editor\" data-id=\"b1fc353\" data-element_type=\"widget\" data-e-type=\"widget\" data-widget_type=\"text-editor.default\">\n\t\t\t\t<div class=\"elementor-widget-container\">\n\t\t\t\t\t\t\t\t\t<div style=\"margin: 0px; white-space: pre-wrap; overflow-wrap: break-word; font-family: 'Segoe UI Historic', 'Segoe UI', Helvetica, Arial, sans-serif; color: #050505; font-size: 15px;\"><div dir=\"auto\" style=\"font-family: inherit;\">Lunes, 17 de octubre de 2022<\/div><div dir=\"auto\" style=\"font-family: inherit;\">\u00a0<\/div><div dir=\"auto\" style=\"font-family: inherit;\">Murcia Shops Forum reconoce a <span style=\"font-family: inherit;\"><a style=\"color: var(--accent); cursor: pointer; text-decoration-line: none; outline: none; list-style: none; margin: 0px; text-align: inherit; padding: 0px; -webkit-tap-highlight-color: transparent; touch-action: manipulation; display: inline; font-family: inherit; border: 0px initial initial;\" tabindex=\"0\" role=\"link\" href=\"https:\/\/www.facebook.com\/enlasnubeslibreria?__cft__[0]=AZVAUhE-gbtVktqeXz_3tHBEqwuEVkWgpUK84dXQ8Xyy20j3IBZsfQElj5nTnste2ZzMRjRpk_2WBJSmX0PspSbKprffEM3PcH1r2ZZXvZc6ZWaAUW_qjRbDVbZ_s_jsNLNMxfHo7aCyej58DXdp2ASNTlkdcl2QaOg3QI8cqXzTc1uq-9iFNhE6XuAAsiOebns&amp;__tn__=-]K-R\"><span style=\"display: inline; font-family: inherit;\">En Las Nubes Librer\u00eda Papeler\u00eda Talleres<\/span><\/a><\/span> como &#8220;Tienda que inspira&#8221;<\/div><br \/><div dir=\"auto\" style=\"font-family: inherit;\">Los comercios han recuperado este pasado s\u00e1bado el Murcia Shops Forum (MShF2022), un evento que ha reunido a destacados profesionales y establecimientos comerciales para analizar la situaci\u00f3n y perspectivas del sector, bajo el lema \u201cDescubriendo al cliente\u201d. Organizado por la C\u00e1mara de Comercio de Murcia, este gran evento cuenta con la cofinanciaci\u00f3n del Gobierno regional.<\/div><br \/><div dir=\"auto\" style=\"font-family: inherit;\">En dicho evento, se llev\u00f3 un reconocimiento en la categor\u00eda de &#8220;Tiendas que inspiran&#8221; <span style=\"font-family: inherit;\"><a style=\"color: var(--accent); cursor: pointer; text-decoration-line: none; outline: none; list-style: none; margin: 0px; text-align: inherit; padding: 0px; -webkit-tap-highlight-color: transparent; touch-action: manipulation; display: inline; font-family: inherit; border: 0px initial initial;\" tabindex=\"0\" role=\"link\" href=\"https:\/\/www.facebook.com\/enlasnubeslibreria?__cft__[0]=AZVAUhE-gbtVktqeXz_3tHBEqwuEVkWgpUK84dXQ8Xyy20j3IBZsfQElj5nTnste2ZzMRjRpk_2WBJSmX0PspSbKprffEM3PcH1r2ZZXvZc6ZWaAUW_qjRbDVbZ_s_jsNLNMxfHo7aCyej58DXdp2ASNTlkdcl2QaOg3QI8cqXzTc1uq-9iFNhE6XuAAsiOebns&amp;__tn__=-]K-R\"><span style=\"display: inline; font-family: inherit;\">En Las Nubes Librer\u00eda Papeler\u00eda Talleres<\/span><\/a><\/span> que recogieron sus propietarias Isa Esp\u00edn y Emilia Gil.<\/div><br \/><div dir=\"auto\" style=\"font-family: inherit;\">Desde su Facebook se\u00f1alan estar \u201ccontentas y agradecidas con este reconocimiento de &#8216;Tiendas que inspiran&#8217; en el Murcia Shops Forum 2022, junto a Carmen Pi\u00f1ero de Coremur, Vergel espacio y Coccole. Una inyecci\u00f3n de energ\u00eda para los peque\u00f1os comercios locales como el nuestro. Gracias!!\u201d.<\/div><br \/><div dir=\"auto\" style=\"font-family: inherit;\">De otra parte, desde Murcia Shops Forum dicen de la librer\u00eda que no solo se dedican a fomentar el amor por la lectura, sino que tambi\u00e9n, tienen un espacio dedicado a talleres, charlas y otras actividades culturales.<\/div><\/div><div style=\"margin: 0.5em 0px 0px; white-space: pre-wrap; overflow-wrap: break-word; font-family: 'Segoe UI Historic', 'Segoe UI', Helvetica, Arial, sans-serif; color: #050505; font-size: 15px;\"><div dir=\"auto\" style=\"font-family: inherit;\">Y es que desde que abrieron &#8216;En las nubes librer\u00eda&#8217; ha ido creciendo y desarrollando su actividad m\u00e1s all\u00e1 de vender libros o servir de papeler\u00eda, sino tambi\u00e9n llevar a la cultura a otro nivel realizando todo tipo de actividades culturales, art\u00edsticas y musicales.<\/div><\/div><div style=\"margin: 0.5em 0px 0px; white-space: pre-wrap; overflow-wrap: break-word; font-family: 'Segoe UI Historic', 'Segoe UI', Helvetica, Arial, sans-serif; color: #050505; font-size: 15px;\"><div dir=\"auto\" style=\"font-family: inherit;\">A este evento tambi\u00e9n asistieron comerciantes de Bullas que pertenecen a la Asociaci\u00f3n de Comerciantes de nuestra localidad.<\/div><\/div>\t\t\t\t\t\t\t\t<\/div>\n\t\t\t\t<\/div>\n\t\t\t\t\t<\/div>\n\t\t<\/div>\n\t\t\t\t\t<\/div>\n\t\t<\/section>\n\t\t\t\t<\/div>\n\t\t","protected":false},"excerpt":{"rendered":"<p>Lunes, 17 de octubre de 2022\u00a0Murcia Shops Forum reconoce a En Las Nubes Librer\u00eda Papeler\u00eda Talleres como &#8220;Tienda que inspira&#8221;Los comercios han recuperado este pasado s\u00e1bado el Murcia Shops Forum (MShF2022), un evento que ha reunido a destacados profesionales y establecimientos comerciales para analizar la situaci\u00f3n y perspectivas del sector, bajo el lema \u201cDescubriendo al&#8230;<\/p>\n","protected":false},"author":2,"featured_media":214,"comment_status":"open","ping_status":"open","sticky":false,"template":"","format":"standard","meta":{"footnotes":""},"categories":[1],"tags":[],"class_list":["post-206","post","type-post","status-publish","format-standard","has-post-thumbnail","hentry","category-cultura"],"_links":{"self":[{"href":"https:\/\/laondadebullas.es\/index.php\/wp-json\/wp\/v2\/posts\/206","targetHints":{"allow":["GET"]}}],"collection":[{"href":"https:\/\/laondadebullas.es\/index.php\/wp-json\/wp\/v2\/posts"}],"about":[{"href":"https:\/\/laondadebullas.es\/index.php\/wp-json\/wp\/v2\/types\/post"}],"author":[{"embeddable":true,"href":"https:\/\/laondadebullas.es\/index.php\/wp-json\/wp\/v2\/users\/2"}],"replies":[{"embeddable":true,"href":"https:\/\/laondadebullas.es\/index.php\/wp-json\/wp\/v2\/comments?post=206"}],"version-history":[{"count":10,"href":"https:\/\/laondadebullas.es\/index.php\/wp-json\/wp\/v2\/posts\/206\/revisions"}],"predecessor-version":[{"id":217,"href":"https:\/\/laondadebullas.es\/index.php\/wp-json\/wp\/v2\/posts\/206\/revisions\/217"}],"wp:featuredmedia":[{"embeddable":true,"href":"https:\/\/laondadebullas.es\/index.php\/wp-json\/wp\/v2\/media\/214"}],"wp:attachment":[{"href":"https:\/\/laondadebullas.es\/index.php\/wp-json\/wp\/v2\/media?parent=206"}],"wp:term":[{"taxonomy":"category","embeddable":true,"href":"https:\/\/laondadebullas.es\/index.php\/wp-json\/wp\/v2\/categories?post=206"},{"taxonomy":"post_tag","embeddable":true,"href":"https:\/\/laondadebullas.es\/index.php\/wp-json\/wp\/v2\/tags?post=206"}],"curies":[{"name":"wp","href":"https:\/\/api.w.org\/{rel}","templated":true}]}}