{"id":218,"date":"2022-10-17T10:19:15","date_gmt":"2022-10-17T10:19:15","guid":{"rendered":"https:\/\/laondadebullas.es\/?p=218"},"modified":"2022-10-17T10:21:30","modified_gmt":"2022-10-17T10:21:30","slug":"rescate-a-una-joven-en-el-monte-castellar","status":"publish","type":"post","link":"https:\/\/laondadebullas.es\/index.php\/2022\/10\/17\/rescate-a-una-joven-en-el-monte-castellar\/","title":{"rendered":"Rescate a una joven en el monte Castellar"},"content":{"rendered":"\t\t<div data-elementor-type=\"wp-post\" data-elementor-id=\"218\" class=\"elementor elementor-218\">\n\t\t\t\t\t\t<section class=\"elementor-section elementor-top-section elementor-element elementor-element-a2010e8 elementor-section-boxed elementor-section-height-default elementor-section-height-default\" data-id=\"a2010e8\" data-element_type=\"section\" data-e-type=\"section\">\n\t\t\t\t\t\t<div class=\"elementor-container elementor-column-gap-default\">\n\t\t\t\t\t<div class=\"elementor-column elementor-col-100 elementor-top-column elementor-element elementor-element-6d5a0fa\" data-id=\"6d5a0fa\" data-element_type=\"column\" data-e-type=\"column\">\n\t\t\t<div class=\"elementor-widget-wrap elementor-element-populated\">\n\t\t\t\t\t\t<div class=\"elementor-element elementor-element-c8f9d5e elementor-widget elementor-widget-text-editor\" data-id=\"c8f9d5e\" data-element_type=\"widget\" data-e-type=\"widget\" data-widget_type=\"text-editor.default\">\n\t\t\t\t<div class=\"elementor-widget-container\">\n\t\t\t\t\t\t\t\t\t<div style=\"margin: 0px; white-space: pre-wrap; overflow-wrap: break-word; font-family: 'Segoe UI Historic', 'Segoe UI', Helvetica, Arial, sans-serif; color: #050505; font-size: 15px;\"><div dir=\"auto\" style=\"font-family: inherit;\">Lunes, 17 de octubre, de 2022<\/div><div dir=\"auto\" style=\"font-family: inherit;\">\u00a0<\/div><div dir=\"auto\" style=\"font-family: inherit;\">Los Servicios Sanitarios de Emergencia rescataron durante la tarde de este pasado s\u00e1bado, por aire, a una joven en el monte Castellar.<\/div><br \/><div dir=\"auto\" style=\"font-family: inherit;\">El &#8216;1-1-2&#8217; recib\u00eda una llamada, a las 17.49 horas, de una mujer de 29 a\u00f1os a la que se le hab\u00eda salido el hombro mientras practicaba senderismo en el monte Castellar en Bullas. La mujer no pod\u00eda moverse.<\/div><br \/><div dir=\"auto\" style=\"font-family: inherit;\">Protecci\u00f3n Civil, Agentes Medioambientales, ambulancia, Guardia Civil y Polic\u00eda Local se desplazaron a la zona para reconocer el lugar constatando que el rescate por tierra era inviable.<\/div><\/div><div style=\"margin: 0.5em 0px 0px; white-space: pre-wrap; overflow-wrap: break-word; font-family: 'Segoe UI Historic', 'Segoe UI', Helvetica, Arial, sans-serif; color: #050505; font-size: 15px;\"><div dir=\"auto\" style=\"font-family: inherit;\">Mientras que una ambulancia asistencial de la Gerencia de Emergencias y Urgencias Sanitarias &#8216;061&#8217; esperaba en el aparcamiento pr\u00f3ximo al Salto del Usero, un helic\u00f3ptero de la Direcci\u00f3n General de Seguridad Ciudadana y Emergencias, con base en Alcantarilla, con una brigada de rescate del Consorcio de Extinci\u00f3n de Incendios y Salvamento, rescataba a la senderista y la trasladaba hasta la ambulancia, cuyo personal sanitario la atendi\u00f3 &#8216;in situ&#8217; y traslad\u00f3 al Hospital Comarcal del Noroeste en Caravaca.<\/div><\/div>\t\t\t\t\t\t\t\t<\/div>\n\t\t\t\t<\/div>\n\t\t\t\t\t<\/div>\n\t\t<\/div>\n\t\t\t\t\t<\/div>\n\t\t<\/section>\n\t\t\t\t<\/div>\n\t\t","protected":false},"excerpt":{"rendered":"<p>Lunes, 17 de octubre, de 2022&nbsp;Los Servicios Sanitarios de Emergencia rescataron durante la tarde de este pasado s\u00e1bado, por aire, a una joven en el monte Castellar. El &#8216;1-1-2&#8217; recib\u00eda una llamada, a las 17.49 horas, de una mujer de 29 a\u00f1os a la que se le hab\u00eda salido el hombro mientras practicaba senderismo en&#8230;<\/p>\n","protected":false},"author":2,"featured_media":223,"comment_status":"open","ping_status":"open","sticky":false,"template":"","format":"standard","meta":{"footnotes":""},"categories":[7],"tags":[],"class_list":["post-218","post","type-post","status-publish","format-standard","has-post-thumbnail","hentry","category-seguridad"],"_links":{"self":[{"href":"https:\/\/laondadebullas.es\/index.php\/wp-json\/wp\/v2\/posts\/218","targetHints":{"allow":["GET"]}}],"collection":[{"href":"https:\/\/laondadebullas.es\/index.php\/wp-json\/wp\/v2\/posts"}],"about":[{"href":"https:\/\/laondadebullas.es\/index.php\/wp-json\/wp\/v2\/types\/post"}],"author":[{"embeddable":true,"href":"https:\/\/laondadebullas.es\/index.php\/wp-json\/wp\/v2\/users\/2"}],"replies":[{"embeddable":true,"href":"https:\/\/laondadebullas.es\/index.php\/wp-json\/wp\/v2\/comments?post=218"}],"version-history":[{"count":8,"href":"https:\/\/laondadebullas.es\/index.php\/wp-json\/wp\/v2\/posts\/218\/revisions"}],"predecessor-version":[{"id":227,"href":"https:\/\/laondadebullas.es\/index.php\/wp-json\/wp\/v2\/posts\/218\/revisions\/227"}],"wp:featuredmedia":[{"embeddable":true,"href":"https:\/\/laondadebullas.es\/index.php\/wp-json\/wp\/v2\/media\/223"}],"wp:attachment":[{"href":"https:\/\/laondadebullas.es\/index.php\/wp-json\/wp\/v2\/media?parent=218"}],"wp:term":[{"taxonomy":"category","embeddable":true,"href":"https:\/\/laondadebullas.es\/index.php\/wp-json\/wp\/v2\/categories?post=218"},{"taxonomy":"post_tag","embeddable":true,"href":"https:\/\/laondadebullas.es\/index.php\/wp-json\/wp\/v2\/tags?post=218"}],"curies":[{"name":"wp","href":"https:\/\/api.w.org\/{rel}","templated":true}]}}