{"id":255,"date":"2022-11-10T12:27:33","date_gmt":"2022-11-10T12:27:33","guid":{"rendered":"https:\/\/laondadebullas.es\/?p=255"},"modified":"2022-11-10T12:31:07","modified_gmt":"2022-11-10T12:31:07","slug":"mofer-solar-busca-35-trabajadores-para-el-montaje-de-estructuras-y-paneles-solares","status":"publish","type":"post","link":"https:\/\/laondadebullas.es\/index.php\/2022\/11\/10\/mofer-solar-busca-35-trabajadores-para-el-montaje-de-estructuras-y-paneles-solares\/","title":{"rendered":"Mofer Solar busca 35 trabajadores para el montaje de estructuras y paneles solares"},"content":{"rendered":"\t\t<div data-elementor-type=\"wp-post\" data-elementor-id=\"255\" class=\"elementor elementor-255\">\n\t\t\t\t\t\t<section class=\"elementor-section elementor-top-section elementor-element elementor-element-50382dd elementor-section-boxed elementor-section-height-default elementor-section-height-default\" data-id=\"50382dd\" data-element_type=\"section\" data-e-type=\"section\">\n\t\t\t\t\t\t<div class=\"elementor-container elementor-column-gap-default\">\n\t\t\t\t\t<div class=\"elementor-column elementor-col-100 elementor-top-column elementor-element elementor-element-24e319b\" data-id=\"24e319b\" data-element_type=\"column\" data-e-type=\"column\">\n\t\t\t<div class=\"elementor-widget-wrap elementor-element-populated\">\n\t\t\t\t\t\t<div class=\"elementor-element elementor-element-ed61952 elementor-widget elementor-widget-text-editor\" data-id=\"ed61952\" data-element_type=\"widget\" data-e-type=\"widget\" data-widget_type=\"text-editor.default\">\n\t\t\t\t<div class=\"elementor-widget-container\">\n\t\t\t\t\t\t\t\t\t<p><strong>Mofer Solar<\/strong>, con sede social en<strong>\u00a0Bullas<\/strong>, ofrece\u00a0<strong>35 empleos para la instalaci\u00f3n y montaje de estructuras y paneles solares<\/strong>. Veinte trabajadores se incorporar\u00edan de forma inmediata y otros 15 lo har\u00edan en abril. El perfil demandado es tanto de obra como de encargado con cursos o titulaci\u00f3n en Prevenci\u00f3n de Riesgos Laborales. Se valorar\u00e1 experiencia en la colocaci\u00f3n de instalaciones fijas y m\u00f3viles.\u00a0<\/p><p><br \/>Todas las personas interesadas pueden contactar a trav\u00e9s del email\u00a0<a href=\"mailto:prl@mofer.solar\"><strong>prl@mofer.solar<\/strong><\/a>.<\/p><p><br \/><strong>Alfonso Moya Fern\u00e1ndez<\/strong>, gerente de la empresa murciana, afirma que la firma tiene en sus recursos humanos su principal capital, con una plantilla que suma 200 personas entre ingenieros, administraci\u00f3n y personal de obra, aunque en 2022 han alcanzado los 280 en los momentos de mayor actividad.<\/p>\t\t\t\t\t\t\t\t<\/div>\n\t\t\t\t<\/div>\n\t\t\t\t\t<\/div>\n\t\t<\/div>\n\t\t\t\t\t<\/div>\n\t\t<\/section>\n\t\t\t\t<\/div>\n\t\t","protected":false},"excerpt":{"rendered":"<p>Mofer Solar, con sede social en&nbsp;Bullas, ofrece&nbsp;35 empleos para la instalaci\u00f3n y montaje de estructuras y paneles solares. Veinte trabajadores se incorporar\u00edan de forma inmediata y otros 15 lo har\u00edan en abril. El perfil demandado es tanto de obra como de encargado con cursos o titulaci\u00f3n en Prevenci\u00f3n de Riesgos Laborales. Se valorar\u00e1 experiencia en&#8230;<\/p>\n","protected":false},"author":2,"featured_media":257,"comment_status":"open","ping_status":"open","sticky":false,"template":"","format":"standard","meta":{"footnotes":""},"categories":[10],"tags":[],"class_list":["post-255","post","type-post","status-publish","format-standard","has-post-thumbnail","hentry","category-desarrollo"],"_links":{"self":[{"href":"https:\/\/laondadebullas.es\/index.php\/wp-json\/wp\/v2\/posts\/255","targetHints":{"allow":["GET"]}}],"collection":[{"href":"https:\/\/laondadebullas.es\/index.php\/wp-json\/wp\/v2\/posts"}],"about":[{"href":"https:\/\/laondadebullas.es\/index.php\/wp-json\/wp\/v2\/types\/post"}],"author":[{"embeddable":true,"href":"https:\/\/laondadebullas.es\/index.php\/wp-json\/wp\/v2\/users\/2"}],"replies":[{"embeddable":true,"href":"https:\/\/laondadebullas.es\/index.php\/wp-json\/wp\/v2\/comments?post=255"}],"version-history":[{"count":5,"href":"https:\/\/laondadebullas.es\/index.php\/wp-json\/wp\/v2\/posts\/255\/revisions"}],"predecessor-version":[{"id":261,"href":"https:\/\/laondadebullas.es\/index.php\/wp-json\/wp\/v2\/posts\/255\/revisions\/261"}],"wp:featuredmedia":[{"embeddable":true,"href":"https:\/\/laondadebullas.es\/index.php\/wp-json\/wp\/v2\/media\/257"}],"wp:attachment":[{"href":"https:\/\/laondadebullas.es\/index.php\/wp-json\/wp\/v2\/media?parent=255"}],"wp:term":[{"taxonomy":"category","embeddable":true,"href":"https:\/\/laondadebullas.es\/index.php\/wp-json\/wp\/v2\/categories?post=255"},{"taxonomy":"post_tag","embeddable":true,"href":"https:\/\/laondadebullas.es\/index.php\/wp-json\/wp\/v2\/tags?post=255"}],"curies":[{"name":"wp","href":"https:\/\/api.w.org\/{rel}","templated":true}]}}