{"id":292,"date":"2023-03-13T11:10:29","date_gmt":"2023-03-13T11:10:29","guid":{"rendered":"https:\/\/laondadebullas.es\/?p=292"},"modified":"2023-03-13T11:13:12","modified_gmt":"2023-03-13T11:13:12","slug":"elementor-292","status":"publish","type":"post","link":"https:\/\/laondadebullas.es\/index.php\/2023\/03\/13\/elementor-292\/","title":{"rendered":"Mejoras en el parque infantil Adolfo Su\u00e1rez"},"content":{"rendered":"\t\t<div data-elementor-type=\"wp-post\" data-elementor-id=\"292\" class=\"elementor elementor-292\">\n\t\t\t\t\t\t<section class=\"elementor-section elementor-top-section elementor-element elementor-element-f77ae5b elementor-section-boxed elementor-section-height-default elementor-section-height-default\" data-id=\"f77ae5b\" data-element_type=\"section\" data-e-type=\"section\">\n\t\t\t\t\t\t<div class=\"elementor-container elementor-column-gap-default\">\n\t\t\t\t\t<div class=\"elementor-column elementor-col-100 elementor-top-column elementor-element elementor-element-f155ac6\" data-id=\"f155ac6\" data-element_type=\"column\" data-e-type=\"column\">\n\t\t\t<div class=\"elementor-widget-wrap elementor-element-populated\">\n\t\t\t\t\t\t<div class=\"elementor-element elementor-element-d4b5129 elementor-widget elementor-widget-text-editor\" data-id=\"d4b5129\" data-element_type=\"widget\" data-e-type=\"widget\" data-widget_type=\"text-editor.default\">\n\t\t\t\t<div class=\"elementor-widget-container\">\n\t\t\t\t\t\t\t\t\t<p>Lunes, 13 de marzo 2023<\/p><p>\u00a0 La Concejal\u00eda de Parques y Jardines del Ayuntamiento de Bullas informa que, recientemente, se ha habilitado en el parque Adolfo Su\u00e1rez, la instalaci\u00f3n de un nuevo m\u00f3dulo de juego infantil homologado, con paneles interactivos.<\/p><p>\u00a0 Con estas actuaciones, el Ayuntamiento de Bullas da un nuevo paso en su objetivo de renovar y mejorar progresivamente los equipamientos infantiles, zonas de ocio y esparcimiento del municipio, en beneficio de la seguridad y disfrute de los ni\u00f1os y para la tranquilidad de sus padres.<\/p><p>\u00a0 Actualmente, se est\u00e1 procediendo al mantenimiento de bancos, papeleras, elementos infantiles, etc. por lo que desde el Consistorio animan a disfrutarlo, as\u00ed como a preservar parques y jardines.<\/p><p>\u00a0 \u201cQueremos que los vecinos disfruten nuestros parques, pero tambi\u00e9n que denuncien ante la Polic\u00eda Local si ven que se est\u00e1 haciendo un mal uso de los mismos\u201d manifiesta Agust\u00edn Vicente Madrid, Concejal de Parques y Jardines.<\/p>\t\t\t\t\t\t\t\t<\/div>\n\t\t\t\t<\/div>\n\t\t\t\t\t<\/div>\n\t\t<\/div>\n\t\t\t\t\t<\/div>\n\t\t<\/section>\n\t\t\t\t<\/div>\n\t\t","protected":false},"excerpt":{"rendered":"<p>Lunes, 13 de marzo 2023 \u00a0 La Concejal\u00eda de Parques y Jardines del Ayuntamiento de Bullas informa que, recientemente, se ha habilitado en el parque Adolfo Su\u00e1rez, la instalaci\u00f3n de un nuevo m\u00f3dulo de juego infantil homologado, con paneles interactivos. \u00a0 Con estas actuaciones, el Ayuntamiento de Bullas da un nuevo paso en su objetivo&#8230;<\/p>\n","protected":false},"author":2,"featured_media":294,"comment_status":"open","ping_status":"open","sticky":false,"template":"","format":"standard","meta":{"footnotes":""},"categories":[1],"tags":[],"class_list":["post-292","post","type-post","status-publish","format-standard","has-post-thumbnail","hentry","category-cultura"],"_links":{"self":[{"href":"https:\/\/laondadebullas.es\/index.php\/wp-json\/wp\/v2\/posts\/292","targetHints":{"allow":["GET"]}}],"collection":[{"href":"https:\/\/laondadebullas.es\/index.php\/wp-json\/wp\/v2\/posts"}],"about":[{"href":"https:\/\/laondadebullas.es\/index.php\/wp-json\/wp\/v2\/types\/post"}],"author":[{"embeddable":true,"href":"https:\/\/laondadebullas.es\/index.php\/wp-json\/wp\/v2\/users\/2"}],"replies":[{"embeddable":true,"href":"https:\/\/laondadebullas.es\/index.php\/wp-json\/wp\/v2\/comments?post=292"}],"version-history":[{"count":13,"href":"https:\/\/laondadebullas.es\/index.php\/wp-json\/wp\/v2\/posts\/292\/revisions"}],"predecessor-version":[{"id":306,"href":"https:\/\/laondadebullas.es\/index.php\/wp-json\/wp\/v2\/posts\/292\/revisions\/306"}],"wp:featuredmedia":[{"embeddable":true,"href":"https:\/\/laondadebullas.es\/index.php\/wp-json\/wp\/v2\/media\/294"}],"wp:attachment":[{"href":"https:\/\/laondadebullas.es\/index.php\/wp-json\/wp\/v2\/media?parent=292"}],"wp:term":[{"taxonomy":"category","embeddable":true,"href":"https:\/\/laondadebullas.es\/index.php\/wp-json\/wp\/v2\/categories?post=292"},{"taxonomy":"post_tag","embeddable":true,"href":"https:\/\/laondadebullas.es\/index.php\/wp-json\/wp\/v2\/tags?post=292"}],"curies":[{"name":"wp","href":"https:\/\/api.w.org\/{rel}","templated":true}]}}