{"id":320,"date":"2023-05-11T10:29:46","date_gmt":"2023-05-11T10:29:46","guid":{"rendered":"https:\/\/laondadebullas.es\/?p=320"},"modified":"2023-05-11T10:32:28","modified_gmt":"2023-05-11T10:32:28","slug":"elementor-320","status":"publish","type":"post","link":"https:\/\/laondadebullas.es\/index.php\/2023\/05\/11\/elementor-320\/","title":{"rendered":"Fallece D. Juan S\u00e1nchez P\u00e9rez, Cronista Oficial de la Villa de Bullas"},"content":{"rendered":"<p>El jueves nos trae la triste noticia de la muerte de D. Juan S\u00e1nchez P\u00e9rez, Cronista Oficial de la Villa de Bullas.<\/p>\n<p>&nbsp;A&nbsp;trav\u00e9s de estas palabras queremos mostrar nuestro m\u00e1s sentido p\u00e9same a sus familiares y amigos, sabiendo que Juan seguir\u00e1 vivo a trav\u00e9s de sus numerosos libros, pues ha dedicado toda una vida a divulgar nuestra historia a trav\u00e9s de la escritura. Adem\u00e1s, el Ayuntamiento de Bullas ha decretado un d\u00eda de luto oficial, ondeando la bandera del municipio a media asta y suspendiendo todos los actos oficiales ma\u00f1ana viernes, 12 de mayo.<\/p>\n<p>&nbsp;El funeral ser\u00e1 ma\u00f1ana viernes, 12 de mayo, a las 11.00 horas, en la Parroquia de Ntra. Sra. del Rosario.&nbsp;<\/p>\n","protected":false},"excerpt":{"rendered":"<p>El jueves nos trae la triste noticia de la muerte de D. Juan S\u00e1nchez P\u00e9rez, Cronista Oficial de la Villa de Bullas. &nbsp;A&nbsp;trav\u00e9s de estas palabras queremos mostrar nuestro m\u00e1s sentido p\u00e9same a sus familiares y amigos, sabiendo que Juan seguir\u00e1 vivo a trav\u00e9s de sus numerosos libros, pues ha dedicado toda una vida a&#8230;<\/p>\n","protected":false},"author":2,"featured_media":325,"comment_status":"open","ping_status":"open","sticky":false,"template":"","format":"standard","meta":{"footnotes":""},"categories":[1],"tags":[],"class_list":["post-320","post","type-post","status-publish","format-standard","has-post-thumbnail","hentry","category-cultura"],"_links":{"self":[{"href":"https:\/\/laondadebullas.es\/index.php\/wp-json\/wp\/v2\/posts\/320","targetHints":{"allow":["GET"]}}],"collection":[{"href":"https:\/\/laondadebullas.es\/index.php\/wp-json\/wp\/v2\/posts"}],"about":[{"href":"https:\/\/laondadebullas.es\/index.php\/wp-json\/wp\/v2\/types\/post"}],"author":[{"embeddable":true,"href":"https:\/\/laondadebullas.es\/index.php\/wp-json\/wp\/v2\/users\/2"}],"replies":[{"embeddable":true,"href":"https:\/\/laondadebullas.es\/index.php\/wp-json\/wp\/v2\/comments?post=320"}],"version-history":[{"count":6,"href":"https:\/\/laondadebullas.es\/index.php\/wp-json\/wp\/v2\/posts\/320\/revisions"}],"predecessor-version":[{"id":327,"href":"https:\/\/laondadebullas.es\/index.php\/wp-json\/wp\/v2\/posts\/320\/revisions\/327"}],"wp:featuredmedia":[{"embeddable":true,"href":"https:\/\/laondadebullas.es\/index.php\/wp-json\/wp\/v2\/media\/325"}],"wp:attachment":[{"href":"https:\/\/laondadebullas.es\/index.php\/wp-json\/wp\/v2\/media?parent=320"}],"wp:term":[{"taxonomy":"category","embeddable":true,"href":"https:\/\/laondadebullas.es\/index.php\/wp-json\/wp\/v2\/categories?post=320"},{"taxonomy":"post_tag","embeddable":true,"href":"https:\/\/laondadebullas.es\/index.php\/wp-json\/wp\/v2\/tags?post=320"}],"curies":[{"name":"wp","href":"https:\/\/api.w.org\/{rel}","templated":true}]}}