{"id":394,"date":"2024-01-23T13:13:43","date_gmt":"2024-01-23T13:13:43","guid":{"rendered":"https:\/\/laondadebullas.es\/?p=394"},"modified":"2024-01-23T13:17:46","modified_gmt":"2024-01-23T13:17:46","slug":"elementor-394","status":"publish","type":"post","link":"https:\/\/laondadebullas.es\/index.php\/2024\/01\/23\/elementor-394\/","title":{"rendered":"Bases para la elaboraci\u00f3n del Cartel de San Marcos 2024"},"content":{"rendered":"\t\t<div data-elementor-type=\"wp-post\" data-elementor-id=\"394\" class=\"elementor elementor-394\">\n\t\t\t\t\t\t<section class=\"elementor-section elementor-top-section elementor-element elementor-element-c688079 elementor-section-boxed elementor-section-height-default elementor-section-height-default\" data-id=\"c688079\" data-element_type=\"section\" data-e-type=\"section\">\n\t\t\t\t\t\t<div class=\"elementor-container elementor-column-gap-default\">\n\t\t\t\t\t<div class=\"elementor-column elementor-col-100 elementor-top-column elementor-element elementor-element-8e79356\" data-id=\"8e79356\" data-element_type=\"column\" data-e-type=\"column\">\n\t\t\t<div class=\"elementor-widget-wrap elementor-element-populated\">\n\t\t\t\t\t\t<div class=\"elementor-element elementor-element-72a616a elementor-widget elementor-widget-text-editor\" data-id=\"72a616a\" data-element_type=\"widget\" data-e-type=\"widget\" data-widget_type=\"text-editor.default\">\n\t\t\t\t<div class=\"elementor-widget-container\">\n\t\t\t\t\t\t\t\t\t<p style=\"text-align: justify;\"><span lang=\"ES-TRAD\" style=\"color: var( --e-global-color-text ); font-weight: var( --e-global-typography-text-font-weight ); font-size: var(--single-content-size); letter-spacing: var(--single-content-letterspacing); background-color: var(--inner-container-bk); font-family: Calibri, sans-serif;\">\u00a0<\/span><span style=\"color: var( --e-global-color-text ); font-weight: var( --e-global-typography-text-font-weight ); font-size: var(--single-content-size); letter-spacing: var(--single-content-letterspacing); font-family: Calibri, sans-serif; background-color: var(--inner-container-bk);\">\u00a0 El Ayuntamiento de Bullas, a trav\u00e9s de la Concejal\u00eda de Festejos, ha publicado hoy en la web municipal las bases de la convocatoria del Concurso para la Elaboraci\u00f3n del \u201cCartel Anunciador de las Fiestas de San Marcos 2024&#8243;.<\/span><\/p><p style=\"text-align: justify;\"><span lang=\"ES-TRAD\" style=\"font-family: Calibri, sans-serif;\">\u00a0<\/span><span style=\"font-family: Calibri, sans-serif; color: var( --e-global-color-text ); font-weight: var( --e-global-typography-text-font-weight ); font-size: var(--single-content-size); letter-spacing: var(--single-content-letterspacing); background-color: var(--inner-container-bk);\">\u00a0 En el mismo, podr\u00e1n participar toda persona f\u00edsica mayor de 16 a\u00f1os que en el cartel hagan figurar la siguiente leyenda: \u201cFIESTAS DE SAN MARCOS. BULLAS 2024. Del 26 al 28 de abril\u201d, cuya composici\u00f3n depender\u00e1 de la originalidad del autor\/a, guardando siempre las reglas ortogr\u00e1ficas.<\/span><\/p><p style=\"text-align: justify;\"><span lang=\"ES-TRAD\" style=\"font-family: Calibri, sans-serif;\">\u00a0<\/span><span style=\"font-family: Calibri, sans-serif; color: var( --e-global-color-text ); font-weight: var( --e-global-typography-text-font-weight ); font-size: var(--single-content-size); letter-spacing: var(--single-content-letterspacing); background-color: var(--inner-container-bk);\">\u00a0 Obligatorio es que deber\u00e1 hacer alusi\u00f3n o contener alg\u00fan motivo identificativo de las Fiestas de San Marcos de Bullas, siendo en todo caso un dise\u00f1o original.<\/span><\/p><p style=\"text-align: justify;\"><span lang=\"ES-TRAD\" style=\"font-family: Calibri, sans-serif;\">\u00a0<\/span><span style=\"font-family: Calibri, sans-serif; color: var( --e-global-color-text ); font-weight: var( --e-global-typography-text-font-weight ); font-size: var(--single-content-size); letter-spacing: var(--single-content-letterspacing); background-color: var(--inner-container-bk);\">\u00a0 Las obras se presentar\u00e1n sin identificaci\u00f3n del autor\/a, adjuntando a ella un sobre cerrado con el nombre del autor\/a, tel\u00e9fono y direcci\u00f3n de correo electr\u00f3nico, al que se le pondr\u00e1 un n\u00famero de registro que ser\u00e1 el mismo que figure al dorso de la obra. Se podr\u00e1 presentar un m\u00e1ximo de 2 propuestas por cada autor\/a.<\/span><\/p><p style=\"text-align: justify;\"><span lang=\"ES-TRAD\" style=\"font-family: Calibri, sans-serif;\">\u00a0<\/span><span style=\"font-family: Calibri, sans-serif; color: var( --e-global-color-text ); font-weight: var( --e-global-typography-text-font-weight ); font-size: var(--single-content-size); letter-spacing: var(--single-content-letterspacing); background-color: var(--inner-container-bk);\">\u00a0 \u00a0El plazo de presentaci\u00f3n de las obras ser\u00e1 hasta el d\u00eda 14 de marzo de 2024 a las 14,00h, en el Registro General del Ayuntamiento de Bullas, sito en la Plaza de Espa\u00f1a. Y se ha establecido un \u00fanico premio de 150 euros.\u00a0<\/span><\/p>\t\t\t\t\t\t\t\t<\/div>\n\t\t\t\t<\/div>\n\t\t\t\t\t<\/div>\n\t\t<\/div>\n\t\t\t\t\t<\/div>\n\t\t<\/section>\n\t\t\t\t<\/div>\n\t\t","protected":false},"excerpt":{"rendered":"<p>\u00a0\u00a0 El Ayuntamiento de Bullas, a trav\u00e9s de la Concejal\u00eda de Festejos, ha publicado hoy en la web municipal las bases de la convocatoria del Concurso para la Elaboraci\u00f3n del \u201cCartel Anunciador de las Fiestas de San Marcos 2024&#8243;. \u00a0\u00a0 En el mismo, podr\u00e1n participar toda persona f\u00edsica mayor de 16 a\u00f1os que en el&#8230;<\/p>\n","protected":false},"author":2,"featured_media":396,"comment_status":"closed","ping_status":"open","sticky":false,"template":"","format":"standard","meta":{"footnotes":""},"categories":[13],"tags":[],"class_list":["post-394","post","type-post","status-publish","format-standard","has-post-thumbnail","hentry","category-festejos"],"_links":{"self":[{"href":"https:\/\/laondadebullas.es\/index.php\/wp-json\/wp\/v2\/posts\/394","targetHints":{"allow":["GET"]}}],"collection":[{"href":"https:\/\/laondadebullas.es\/index.php\/wp-json\/wp\/v2\/posts"}],"about":[{"href":"https:\/\/laondadebullas.es\/index.php\/wp-json\/wp\/v2\/types\/post"}],"author":[{"embeddable":true,"href":"https:\/\/laondadebullas.es\/index.php\/wp-json\/wp\/v2\/users\/2"}],"replies":[{"embeddable":true,"href":"https:\/\/laondadebullas.es\/index.php\/wp-json\/wp\/v2\/comments?post=394"}],"version-history":[{"count":8,"href":"https:\/\/laondadebullas.es\/index.php\/wp-json\/wp\/v2\/posts\/394\/revisions"}],"predecessor-version":[{"id":403,"href":"https:\/\/laondadebullas.es\/index.php\/wp-json\/wp\/v2\/posts\/394\/revisions\/403"}],"wp:featuredmedia":[{"embeddable":true,"href":"https:\/\/laondadebullas.es\/index.php\/wp-json\/wp\/v2\/media\/396"}],"wp:attachment":[{"href":"https:\/\/laondadebullas.es\/index.php\/wp-json\/wp\/v2\/media?parent=394"}],"wp:term":[{"taxonomy":"category","embeddable":true,"href":"https:\/\/laondadebullas.es\/index.php\/wp-json\/wp\/v2\/categories?post=394"},{"taxonomy":"post_tag","embeddable":true,"href":"https:\/\/laondadebullas.es\/index.php\/wp-json\/wp\/v2\/tags?post=394"}],"curies":[{"name":"wp","href":"https:\/\/api.w.org\/{rel}","templated":true}]}}