{"id":404,"date":"2024-01-23T13:20:45","date_gmt":"2024-01-23T13:20:45","guid":{"rendered":"https:\/\/laondadebullas.es\/?p=404"},"modified":"2024-01-23T13:56:37","modified_gmt":"2024-01-23T13:56:37","slug":"vii-certamen-de-teatro-aficionado","status":"publish","type":"post","link":"https:\/\/laondadebullas.es\/index.php\/2024\/01\/23\/vii-certamen-de-teatro-aficionado\/","title":{"rendered":"VII Certamen de Teatro Aficionado"},"content":{"rendered":"\n<p class=\"wp-block-paragraph\">&nbsp; Los viernes, 26 de enero y 2 y 9 de febrero, se celebra la 7\u00aa Edici\u00f3n del Certamen de Teatro Aficionado \u2018Villa de Bullas\u2019.<\/p>\n\n\n\n<p class=\"wp-block-paragraph\">&nbsp; El Concejal de Cultura, Antonio Jos\u00e9 Esp\u00edn, ha presentado hoy las tres obras teatrales que se representar\u00e1n en el auditorio de la Casa de Cultura.<\/p>\n\n\n\n<p class=\"wp-block-paragraph\">&nbsp; El certamen arrancar\u00e1 el viernes, 26 de enero, con la obra \u2018Fuga\u2019 de la compa\u00f1\u00eda de Pliego \u2018Complic-arte\u2019 y bajo la direcci\u00f3n de Manuel de Reyes. La obra es una comedia que trata temas como la corrupci\u00f3n, tiene tintes de thriller y mantendr\u00e1 al p\u00fablico expectante hasta el final.<\/p>\n\n\n\n<p class=\"wp-block-paragraph\">&nbsp; El d\u00eda 2 de febrero, visitar\u00e1 Bullas la compa\u00f1\u00eda de Elche \u2018Todo sobre Eva\u2019 para presentarnos \u2018Atraco a las 3\u2019. Una rocambolesca comedia sobre el despido de seis trabajadores de un banco y c\u00f3mo planean un falso atraco para resarcirse.<\/p>\n\n\n\n<p class=\"wp-block-paragraph\">&nbsp; Finalmente, la tercera de las tres obras llega el 9 de febrero con la Compa\u00f1\u00eda \u2018Carasses Teatro\u2019 de Elda que cuentan la fascinante historia de una mujer incre\u00edble \u2018Mar\u00eda la Calderona\u2019, trasladando al espectador al siglo XVII en una Espa\u00f1a plagada de corruptelas pol\u00edticas y monarqu\u00edas desvergonzadas.<\/p>\n\n\n\n<p class=\"wp-block-paragraph\">&nbsp;&nbsp; \u201cSon ya siete a\u00f1os desde que comenzamos con esta propuesta cultural, que se ha consolidado en el tiempo gracias al \u00e9xito de p\u00fablico que ha tenido en cada edici\u00f3n y que espero se repita en la que estamos a punto de comenzar. Nuestro objetivo es que se convierta en un referente en el \u00e1mbito de las artes esc\u00e9nicas, al igual que nuestra muestra de teatro de oto\u00f1o y la muestra de teatro infantil. Este certamen, adem\u00e1s, ofrece la posibilidad a nuestros vecinos y vecinas de disfrutar del teatro a precios populares y una oportunidad de seguir creciendo a las compa\u00f1\u00edas de car\u00e1cter aficionado de fuera y dentro de nuestra Regi\u00f3n. Espero que lo disfruten y que el auditorio se llene para seguir disfrutado cuando vuelva a subirse el tel\u00f3n\u201d ha comentado el edil Antonio Jos\u00e9 Esp\u00edn.<\/p>\n\n\n\n<p class=\"wp-block-paragraph\">&nbsp;&nbsp;&nbsp; Todas las representaciones dar\u00e1n comienzo a las 20.30 horas en el auditorio de la Casa de Cultura. Las entradas cuestan 3 euros y se podr\u00e1n adquirir en la plataforma www.entradas.bullas.es a partir del pr\u00f3ximo martes a las 14:00 horas.<\/p>\n","protected":false},"excerpt":{"rendered":"<p>&nbsp; Los viernes, 26 de enero y 2 y 9 de febrero, se celebra la 7\u00aa Edici\u00f3n del Certamen de Teatro Aficionado \u2018Villa de Bullas\u2019. &nbsp; El Concejal de Cultura, Antonio Jos\u00e9 Esp\u00edn, ha presentado hoy las tres obras teatrales que se representar\u00e1n en el auditorio de la Casa de Cultura. &nbsp; El certamen arrancar\u00e1&#8230;<\/p>\n","protected":false},"author":2,"featured_media":411,"comment_status":"closed","ping_status":"open","sticky":false,"template":"","format":"standard","meta":{"footnotes":""},"categories":[1],"tags":[],"class_list":["post-404","post","type-post","status-publish","format-standard","has-post-thumbnail","hentry","category-cultura"],"_links":{"self":[{"href":"https:\/\/laondadebullas.es\/index.php\/wp-json\/wp\/v2\/posts\/404","targetHints":{"allow":["GET"]}}],"collection":[{"href":"https:\/\/laondadebullas.es\/index.php\/wp-json\/wp\/v2\/posts"}],"about":[{"href":"https:\/\/laondadebullas.es\/index.php\/wp-json\/wp\/v2\/types\/post"}],"author":[{"embeddable":true,"href":"https:\/\/laondadebullas.es\/index.php\/wp-json\/wp\/v2\/users\/2"}],"replies":[{"embeddable":true,"href":"https:\/\/laondadebullas.es\/index.php\/wp-json\/wp\/v2\/comments?post=404"}],"version-history":[{"count":2,"href":"https:\/\/laondadebullas.es\/index.php\/wp-json\/wp\/v2\/posts\/404\/revisions"}],"predecessor-version":[{"id":412,"href":"https:\/\/laondadebullas.es\/index.php\/wp-json\/wp\/v2\/posts\/404\/revisions\/412"}],"wp:featuredmedia":[{"embeddable":true,"href":"https:\/\/laondadebullas.es\/index.php\/wp-json\/wp\/v2\/media\/411"}],"wp:attachment":[{"href":"https:\/\/laondadebullas.es\/index.php\/wp-json\/wp\/v2\/media?parent=404"}],"wp:term":[{"taxonomy":"category","embeddable":true,"href":"https:\/\/laondadebullas.es\/index.php\/wp-json\/wp\/v2\/categories?post=404"},{"taxonomy":"post_tag","embeddable":true,"href":"https:\/\/laondadebullas.es\/index.php\/wp-json\/wp\/v2\/tags?post=404"}],"curies":[{"name":"wp","href":"https:\/\/api.w.org\/{rel}","templated":true}]}}