{"id":414,"date":"2024-04-09T11:56:33","date_gmt":"2024-04-09T11:56:33","guid":{"rendered":"https:\/\/laondadebullas.es\/?p=414"},"modified":"2024-04-09T11:59:00","modified_gmt":"2024-04-09T11:59:00","slug":"elementor-414","status":"publish","type":"post","link":"https:\/\/laondadebullas.es\/index.php\/2024\/04\/09\/elementor-414\/","title":{"rendered":"Curso de \u201cAplicaciones de la hoja de c\u00e1lculo Excell. Nivel inicial\u201d"},"content":{"rendered":"\t\t<div data-elementor-type=\"wp-post\" data-elementor-id=\"414\" class=\"elementor elementor-414\">\n\t\t\t\t\t\t<section class=\"elementor-section elementor-top-section elementor-element elementor-element-adfa8e1 elementor-section-boxed elementor-section-height-default elementor-section-height-default\" data-id=\"adfa8e1\" data-element_type=\"section\" data-e-type=\"section\">\n\t\t\t\t\t\t<div class=\"elementor-container elementor-column-gap-default\">\n\t\t\t\t\t<div class=\"elementor-column elementor-col-100 elementor-top-column elementor-element elementor-element-cdf3acd\" data-id=\"cdf3acd\" data-element_type=\"column\" data-e-type=\"column\">\n\t\t\t<div class=\"elementor-widget-wrap elementor-element-populated\">\n\t\t\t\t\t\t<div class=\"elementor-element elementor-element-d491203 elementor-widget elementor-widget-text-editor\" data-id=\"d491203\" data-element_type=\"widget\" data-e-type=\"widget\" data-widget_type=\"text-editor.default\">\n\t\t\t\t<div class=\"elementor-widget-container\">\n\t\t\t\t\t\t\t\t\t<p>Organizado por la Concejal\u00eda de Desarrollo Local del Ayuntamiento de Bullas, en colaboraci\u00f3n con el Servicio Regional de Empleo y Formaci\u00f3n, se va a realizar un Curso, totalmente gratuito, de \u201cAplicaciones de la hoja de c\u00e1lculo Excell. Nivel inicial\u201d, dirigido prioritariamente a personas desempleadas inscritas como demandantes de empleo en el SEF.<\/p><p>\u00a0 El mismo tendr\u00e1 una duraci\u00f3n de 40 horas lectivas, a desarrollar en los locales de la Casa de la Cultura, en horario de 09.30 a 13.30 horas, de lunes a viernes, entre el 15 y el 26 de abril, estado limitado a doce plazas.<\/p><p>\u00a0 Las personas interesadas podr\u00e1n obtener mayor informaci\u00f3n o realizar su inscripci\u00f3n en la Agencia de Desarrollo Local, en el Centro Local de Empleo e Informajoven del Ayuntamiento de Bullas.<\/p>\t\t\t\t\t\t\t\t<\/div>\n\t\t\t\t<\/div>\n\t\t\t\t\t<\/div>\n\t\t<\/div>\n\t\t\t\t\t<\/div>\n\t\t<\/section>\n\t\t\t\t<\/div>\n\t\t","protected":false},"excerpt":{"rendered":"<p>Organizado por la Concejal\u00eda de Desarrollo Local del Ayuntamiento de Bullas, en colaboraci\u00f3n con el Servicio Regional de Empleo y Formaci\u00f3n, se va a realizar un Curso, totalmente gratuito, de \u201cAplicaciones de la hoja de c\u00e1lculo Excell. Nivel inicial\u201d, dirigido prioritariamente a personas desempleadas inscritas como demandantes de empleo en el SEF. &nbsp; El mismo&#8230;<\/p>\n","protected":false},"author":2,"featured_media":420,"comment_status":"closed","ping_status":"open","sticky":false,"template":"","format":"standard","meta":{"footnotes":""},"categories":[1,10],"tags":[],"class_list":["post-414","post","type-post","status-publish","format-standard","has-post-thumbnail","hentry","category-cultura","category-desarrollo"],"_links":{"self":[{"href":"https:\/\/laondadebullas.es\/index.php\/wp-json\/wp\/v2\/posts\/414","targetHints":{"allow":["GET"]}}],"collection":[{"href":"https:\/\/laondadebullas.es\/index.php\/wp-json\/wp\/v2\/posts"}],"about":[{"href":"https:\/\/laondadebullas.es\/index.php\/wp-json\/wp\/v2\/types\/post"}],"author":[{"embeddable":true,"href":"https:\/\/laondadebullas.es\/index.php\/wp-json\/wp\/v2\/users\/2"}],"replies":[{"embeddable":true,"href":"https:\/\/laondadebullas.es\/index.php\/wp-json\/wp\/v2\/comments?post=414"}],"version-history":[{"count":6,"href":"https:\/\/laondadebullas.es\/index.php\/wp-json\/wp\/v2\/posts\/414\/revisions"}],"predecessor-version":[{"id":421,"href":"https:\/\/laondadebullas.es\/index.php\/wp-json\/wp\/v2\/posts\/414\/revisions\/421"}],"wp:featuredmedia":[{"embeddable":true,"href":"https:\/\/laondadebullas.es\/index.php\/wp-json\/wp\/v2\/media\/420"}],"wp:attachment":[{"href":"https:\/\/laondadebullas.es\/index.php\/wp-json\/wp\/v2\/media?parent=414"}],"wp:term":[{"taxonomy":"category","embeddable":true,"href":"https:\/\/laondadebullas.es\/index.php\/wp-json\/wp\/v2\/categories?post=414"},{"taxonomy":"post_tag","embeddable":true,"href":"https:\/\/laondadebullas.es\/index.php\/wp-json\/wp\/v2\/tags?post=414"}],"curies":[{"name":"wp","href":"https:\/\/api.w.org\/{rel}","templated":true}]}}